{"id":2424,"date":"2024-10-09T20:05:09","date_gmt":"2024-10-09T18:05:09","guid":{"rendered":"http:\/\/serwer2227866.home.pl\/autoinstalator\/wordpress\/?p=2424"},"modified":"2024-10-09T20:25:15","modified_gmt":"2024-10-09T18:25:15","slug":"zbieram-wszystkie-czastki-siebie-2","status":"publish","type":"post","link":"https:\/\/www.kobietazgwiazd.pl\/index.php\/2024\/10\/09\/zbieram-wszystkie-czastki-siebie-2\/","title":{"rendered":"Zbieram wszystkie cz\u0105stki siebie"},"content":{"rendered":"<h2><\/h2>\n<p>&nbsp;<\/p>\n<h2 style=\"text-align: center;\">\u201cGdy g\u0142\u0119boki smutek\/\u017ca\u0142oba dotyka miejsca w nas, kt\u00f3re nigdy nie zazna\u0142y mi\u0142o\u015bci&#8230;&#8221; &#8211; Francis Weller.<\/h2>\n<p>&nbsp;<\/p>\n<p>&nbsp;<\/p>\n<p>Esencja \u201cZbieram wszystkie cz\u0105stki siebie\u201d zapocz\u0105tkowa\u0142a swe jako\u015bci w trakcie podr\u00f3\u017cy odzyskiwania siebie jako ma\u0142ej dziewczynki, a nast\u0119pnie urodzi\u0142a si\u0119 w podr\u00f3\u017cy odzyskiwania siebie jako nastolatki. Po trochu i nieporadnie przywo\u0142ywa\u0142am t\u0119 dziewczynk\u0119, kt\u00f3ra pomie\u015bci\u0142a w siebie niepo\u017c\u0105dane w jej czasie jako\u015bci, a nast\u0119pnie schowa\u0142a si\u0119 przed ca\u0142ym \u015bwiatem. Zraniona i zdradzona d\u0142ugo nie chcia\u0142a da\u0107 si\u0119 znale\u017a\u0107. Ale po jakim\u015b czasie, widz\u0105c moje cierpliwie, lecz nieust\u0119pliwe wo\u0142anie wysz\u0142a mi na spotkanie. Obieca\u0142am jej wiele, ale najwa\u017cniejszym by\u0142o, \u017ce nigdy jej ju\u017c nie zostawi\u0119.<\/p>\n<p>Podla\u0142am \u0142zami t\u0119 now\u0105 relacj\u0119 i po jakim\u015b czasie dojrza\u0142am do wo\u0142ania swojej nastolatki. Ona przyby\u0142a bardzo szybko manifestuj\u0105c sw\u0105 w\u015bciek\u0142o\u015b\u0107 i gniew. Przyjmowa\u0142am J\u0105 i Jej trudn\u0105 nauk\u0119 o miejscach, gdzie w moim ciele pochowa\u0142a wstyd, mi\u0119kko\u015b\u0107, g\u0142\u0119bi\u0119 odczuwania i pe\u0142ni\u0119 mojej zmys\u0142owo\u015bci.<\/p>\n<p>Te cz\u0105stki dziewczynki oraz nastolatki zosta\u0142y kiedy\u015b przeze mnie odrzucone i zakopane. Te cz\u0105stki nie zazna\u0142y bezwarunkowej mi\u0142o\u015bci, akceptacji, wsp\u00f3\u0142czucia i uznania. Ale jak Francis Weller m\u00f3wi, nie mo\u017cna prze\u017cywa\u0107 g\u0142\u0119bokiego smutku\/\u017ca\u0142oby nad czym\u015b co zosta\u0142o wyparte i jest po za naszym istnieniem, kt\u00f3re w sobie cenimy.\u00a0 Moje odrzucone cz\u0105stki by\u0142y po za tym, co rodzi\u0142o moje poczucie w\u0142asnej warto\u015bci. Te cz\u0105stki nie by\u0142y przeze mnie uwa\u017cane za godne op\u0142akiwania. Dlatego, nie by\u0142o w zwi\u0105zku z nimi procesu g\u0142\u0119bokiego smutku\/\u017ca\u0142oby. By\u0142y to jednak miejsca szczeg\u00f3lnej rannliwo\u015bci, w kt\u00f3rej zintensyfikowa\u0142y si\u0119 odczucia podczas \u017ca\u0142oby po Babci. \u0141zy rozpuszcza\u0142y b\u00f3l po jej utracie i po utracie odrzuconych kiedy\u015b cz\u0105stek mnie.<\/p>\n<p>Po jakim\u015b czasie, nast\u0105pi\u0142a integracja obu strat, kt\u00f3ra umo\u017cliwi\u0142a rozpocz\u0119cie zbierania wszystkich cz\u0105stek mnie. Esencja &#8222;Zbieram wszystkie cz\u0105stki siebie&#8221; wspiera podobny proces.<\/p>\n<p>Uzupe\u0142niaj\u0105c powy\u017csze\u2026<\/p>\n<p>Cho\u0107 proces zbierania zosta\u0142 u mnie zainicjowany prze\u017cywaniem utraty Babci wierz\u0119, \u017ce mo\u017ce r\u00f3wnie\u017c zosta\u0107 zainicjowany innymi wydarzeniami w \u017cyciu lub prac\u0105 wewn\u0119trzn\u0105. Szukanie, widzenie i dotykanie tych cz\u0105stek utraconej\/nego siebie jest trudne, wymagaj\u0105ce determinacji i wytrwa\u0142o\u015bci. Przekona\u0142am si\u0119, \u017ce tylko je\u015bli prawdziwie poczujesz, we\u017amiesz odpowiedzialno\u015b\u0107 za siebie i wybaczysz mo\u017cesz rozpocz\u0105\u0107 drog\u0119 do pe\u0142ni siebie.<\/p>\n<p>Ale to ju\u017c na inn\u0105 Esencj\u0119\u2026<\/p>\n","protected":false},"excerpt":{"rendered":"<p>&nbsp; \u201cGdy g\u0142\u0119boki smutek\/\u017ca\u0142oba dotyka miejsca w nas, kt\u00f3re nigdy nie zazna\u0142y mi\u0142o\u015bci&#8230;&#8221; &#8211; Francis Weller. &nbsp; &nbsp; Esencja \u201cZbieram wszystkie cz\u0105stki siebie\u201d zapocz\u0105tkowa\u0142a swe jako\u015bci w trakcie podr\u00f3\u017cy odzyskiwania siebie jako ma\u0142ej dziewczynki, a nast\u0119pnie urodzi\u0142a si\u0119 w podr\u00f3\u017cy odzyskiwania siebie jako nastolatki. Po trochu i nieporadnie przywo\u0142ywa\u0142am t\u0119 dziewczynk\u0119, kt\u00f3ra pomie\u015bci\u0142a w siebie [&hellip;]<\/p>\n","protected":false},"author":1,"featured_media":1249,"comment_status":"closed","ping_status":"open","sticky":false,"template":"","format":"standard","meta":{"_et_pb_use_builder":"","_et_pb_old_content":"","_et_gb_content_width":"","_jetpack_memberships_contains_paid_content":false,"footnotes":""},"categories":[56],"tags":[],"class_list":["post-2424","post","type-post","status-publish","format-standard","has-post-thumbnail","hentry","category-esencje-roslin-i-elementali"],"jetpack_featured_media_url":"https:\/\/www.kobietazgwiazd.pl\/wp-content\/uploads\/2024\/05\/IMG_8340-scaled.jpg","jetpack_sharing_enabled":true,"_links":{"self":[{"href":"https:\/\/www.kobietazgwiazd.pl\/index.php\/wp-json\/wp\/v2\/posts\/2424","targetHints":{"allow":["GET"]}}],"collection":[{"href":"https:\/\/www.kobietazgwiazd.pl\/index.php\/wp-json\/wp\/v2\/posts"}],"about":[{"href":"https:\/\/www.kobietazgwiazd.pl\/index.php\/wp-json\/wp\/v2\/types\/post"}],"author":[{"embeddable":true,"href":"https:\/\/www.kobietazgwiazd.pl\/index.php\/wp-json\/wp\/v2\/users\/1"}],"replies":[{"embeddable":true,"href":"https:\/\/www.kobietazgwiazd.pl\/index.php\/wp-json\/wp\/v2\/comments?post=2424"}],"version-history":[{"count":7,"href":"https:\/\/www.kobietazgwiazd.pl\/index.php\/wp-json\/wp\/v2\/posts\/2424\/revisions"}],"predecessor-version":[{"id":2431,"href":"https:\/\/www.kobietazgwiazd.pl\/index.php\/wp-json\/wp\/v2\/posts\/2424\/revisions\/2431"}],"wp:featuredmedia":[{"embeddable":true,"href":"https:\/\/www.kobietazgwiazd.pl\/index.php\/wp-json\/wp\/v2\/media\/1249"}],"wp:attachment":[{"href":"https:\/\/www.kobietazgwiazd.pl\/index.php\/wp-json\/wp\/v2\/media?parent=2424"}],"wp:term":[{"taxonomy":"category","embeddable":true,"href":"https:\/\/www.kobietazgwiazd.pl\/index.php\/wp-json\/wp\/v2\/categories?post=2424"},{"taxonomy":"post_tag","embeddable":true,"href":"https:\/\/www.kobietazgwiazd.pl\/index.php\/wp-json\/wp\/v2\/tags?post=2424"}],"curies":[{"name":"wp","href":"https:\/\/api.w.org\/{rel}","templated":true}]}}